{"id":691,"date":"2023-05-30T07:14:21","date_gmt":"2023-05-30T05:14:21","guid":{"rendered":"http:\/\/popp-powiatrybnicki.pl\/?p=691"},"modified":"2023-05-30T07:14:21","modified_gmt":"2023-05-30T05:14:21","slug":"program-koncertu-laureatow-mfm-2023","status":"publish","type":"post","link":"http:\/\/popp-powiatrybnicki.pl\/?p=691","title":{"rendered":"Program koncertu laureat\u00f3w MFM 2023"},"content":{"rendered":"<p style=\"text-align: center;\"><em><strong><span style=\"color: #800080;\">PROGRAM KONCERTU LAUREAT\u00d3W<\/span><\/strong><\/em><br \/>\n<em><strong><span style=\"color: #800080;\">M\u0141ODZIE\u017bOWEGO FESTIWALU MUZYCZNEGO 2023<\/span><\/strong><\/em><br \/>\n<em><strong><span style=\"color: #800080;\">7 czerwca 2023 godz.11.00<\/span><\/strong><\/em><br \/>\n<em><strong><span style=\"color: #800080;\">CENTRUM KULTURALNO &#8211; EDUKACYJNE W CZERWIONCE-LESZCZYNACH<\/span><\/strong><\/em><br \/>\n<em><strong><span style=\"color: #800080;\">ZAPRASZAMY WSZYSTKICH LAUREAT\u00d3W, KT\u00d3RZY NIE BIOR\u0104 UDZIA\u0141U W KONCERCIE,<\/span><\/strong><\/em><br \/>\n<em><strong><span style=\"color: #800080;\">A ZNAJDUJ\u0104 SI\u0118 NA LI\u015aCIE LAUREAT\u00d3W, NA FINA\u0141OW\u0104 GAL\u0118, PODCZAS KT\u00d3REJ ZOSTAN\u0104 UROCZY\u015aCIE WR\u0118CZONE DYPLOMY I NAGRODY.<\/span><\/strong><\/em><br \/>\n<em><strong><span style=\"color: #800080;\">LICZYMY NA WASZ\u0104 OBECNO\u015a\u0106 I CIESZYMY SI\u0118 NA SPOTKANIE.<\/span><\/strong><\/em><\/p>\n<p><span style=\"color: #000000;\"><strong><em>1. ZESP\u00d3\u0141 WOKALNO-INSTRUMENTALNY \u201eREMEDIUM\u201d &#8211; ZEA \u201ePrzygoda\u201d w Rybniku<\/em><\/strong><\/span><br \/>\n<span style=\"color: #000000;\"><strong><em>2. ZESP\u00d3\u0141 \u201eCZELODKA\u201d gr.starsza \u2013 Wolontaryjna Grupa Artystyczna przy SP nr 2w Rydu\u0142towach<\/em><\/strong><\/span><br \/>\n<span style=\"color: #000000;\"><strong><em>3. JULIA USAREK \u2013 POPP przy SP1 w Czerwionce \u2013 Leszczynach<\/em><\/strong><\/span><br \/>\n<span style=\"color: #000000;\"><strong><em>4. LAURA RUMPEL \u2013 MOPP przy MSP nr 9 w Knurowie<\/em><\/strong><\/span><br \/>\n<span style=\"color: #000000;\"><strong><em>5. EMILIA HARNASZ \u2013 ZSP nr 6 w Rybniku<\/em><\/strong><\/span><br \/>\n<span style=\"color: #000000;\"><strong><em>6. ZESP\u00d3\u0141 \u201eMUSIC ADVENTURE&#8221; \u2013 MDK w Rybniku<\/em><\/strong><\/span><br \/>\n<span style=\"color: #000000;\"><strong><em>7. \u201eR\u00d3\u017bOWE O\u201d \u2013 POPP przy SP w Czernicy<\/em><\/strong><\/span><br \/>\n<span style=\"color: #000000;\"><strong><em>8. PAULINA SZCZYGIELSKA &#8211; Studio Piosenki \u201eVOICEPLESS\u201d w Pszczynie<\/em><\/strong><\/span><br \/>\n<span style=\"color: #000000;\"><strong><em>9. ZESP\u00d3\u0141 \u201eMA\u0141E \u015aWIAT\u0141O\u201d \u2013 MOK w Czerwionce \u2013 Leszczynach<\/em><\/strong><\/span><br \/>\n<span style=\"color: #000000;\"><strong><em>10. OLIWIA K\u0104KOL \u2013 I LO w Rybniku<\/em><\/strong><\/span><br \/>\n<span style=\"color: #000000;\"><strong><em>11. ZESP\u00d3\u0141 \u201eZEFIR\u201d \u2013 ZEA \u201ePRZYGODA\u201d w Rybniku<\/em><\/strong><\/span><br \/>\n<span style=\"color: #000000;\"><strong><em>12. NADIA WOLNER \u2013 ZSP w Po\u0142omii<\/em><\/strong><\/span><br \/>\n<span style=\"color: #000000;\"><strong><em>13. ZESP\u00d3\u0141 \u201eSIOSTRY\u201d \u2013 OPP w Rydu\u0142towach<\/em><\/strong><\/span><br \/>\n<span style=\"color: #000000;\"><strong><em>14. ZUZANNA OKSENIUK \u2013 ZS w Czerwionce \u2013 Leszczynach<\/em><\/strong><\/span><br \/>\n<span style=\"color: #000000;\"><strong><em>15. WR\u0118CZENIE DYPLOM\u00d3W I NAGR\u00d3D<\/em><\/strong><\/span><\/p>\n","protected":false},"excerpt":{"rendered":"<p>PROGRAM KONCERTU LAUREAT\u00d3W M\u0141ODZIE\u017bOWEGO FESTIWALU MUZYCZNEGO 2023 7 czerwca 2023 godz.11.00 CENTRUM KULTURALNO &#8211; EDUKACYJNE [&hellip;]<\/p>\n","protected":false},"author":1,"featured_media":666,"comment_status":"closed","ping_status":"closed","sticky":false,"template":"","format":"standard","meta":{"ngg_post_thumbnail":0,"footnotes":""},"categories":[75,73,14],"tags":[],"class_list":["post-691","post","type-post","status-publish","format-standard","has-post-thumbnail","hentry","category-koncert-muzyczny","category-mlodziezowy-festiwal-muzyczny","category-osiagniecia"],"_links":{"self":[{"href":"http:\/\/popp-powiatrybnicki.pl\/index.php?rest_route=\/wp\/v2\/posts\/691","targetHints":{"allow":["GET"]}}],"collection":[{"href":"http:\/\/popp-powiatrybnicki.pl\/index.php?rest_route=\/wp\/v2\/posts"}],"about":[{"href":"http:\/\/popp-powiatrybnicki.pl\/index.php?rest_route=\/wp\/v2\/types\/post"}],"author":[{"embeddable":true,"href":"http:\/\/popp-powiatrybnicki.pl\/index.php?rest_route=\/wp\/v2\/users\/1"}],"replies":[{"embeddable":true,"href":"http:\/\/popp-powiatrybnicki.pl\/index.php?rest_route=%2Fwp%2Fv2%2Fcomments&post=691"}],"version-history":[{"count":1,"href":"http:\/\/popp-powiatrybnicki.pl\/index.php?rest_route=\/wp\/v2\/posts\/691\/revisions"}],"predecessor-version":[{"id":692,"href":"http:\/\/popp-powiatrybnicki.pl\/index.php?rest_route=\/wp\/v2\/posts\/691\/revisions\/692"}],"wp:featuredmedia":[{"embeddable":true,"href":"http:\/\/popp-powiatrybnicki.pl\/index.php?rest_route=\/wp\/v2\/media\/666"}],"wp:attachment":[{"href":"http:\/\/popp-powiatrybnicki.pl\/index.php?rest_route=%2Fwp%2Fv2%2Fmedia&parent=691"}],"wp:term":[{"taxonomy":"category","embeddable":true,"href":"http:\/\/popp-powiatrybnicki.pl\/index.php?rest_route=%2Fwp%2Fv2%2Fcategories&post=691"},{"taxonomy":"post_tag","embeddable":true,"href":"http:\/\/popp-powiatrybnicki.pl\/index.php?rest_route=%2Fwp%2Fv2%2Ftags&post=691"}],"curies":[{"name":"wp","href":"https:\/\/api.w.org\/{rel}","templated":true}]}}